{"id":14629,"date":"2024-05-27T21:01:02","date_gmt":"2024-05-27T20:01:02","guid":{"rendered":"https:\/\/www.zsp3katowice.cal24.pl\/mp38\/?p=14629"},"modified":"2024-05-27T21:01:02","modified_gmt":"2024-05-27T20:01:02","slug":"list-ministra-zdrowia","status":"publish","type":"post","link":"https:\/\/www.zsp3katowice.cal24.pl\/mp38\/aktualnosci\/list-ministra-zdrowia\/","title":{"rendered":"LIST MINISTRA ZDROWIA"},"content":{"rendered":"\n<p>ZP\u015a.641.18.2024.D\u0141<br>Warszawa, 12 maja 2024<br><\/p>\n\n\n\n<p class=\"has-text-align-center\"><br><strong>Szanowni Pa\u0144stwo<\/strong>, <strong>Rodzice <\/strong>i <strong>Opiekunowie<\/strong>,<\/p>\n\n\n\n<p class=\"has-text-align-center\"><br>od pocz\u0105tku roku w Europie stale ro\u015bnie liczba zachorowa\u0144 na odr\u0119. \u015awiatowa Organizacja<br>Zdrowia oraz Europejskie Centrum Zapobiegania i Kontroli Chor\u00f3b oceniaj\u0105, \u017ce cho\u0107<br>ryzyko zachorowania na poziomie populacji og\u00f3lnej jest niskie, to ogniska choroby b\u0119d\u0105<br>si\u0119 pojawia\u0107 we wszystkich krajach. Powodem jest niewystarczaj\u0105cy poziom zaszczepienia<br>przeciw odrze (szczeg\u00f3lnie drug\u0105 dawk\u0105). W nadchodz\u0105cych miesi\u0105cach spodziewamy si\u0119<br>du\u017cego wzrostu zachorowa\u0144. Szczepienie chroni przed odr\u0105. To podstawowy \u015brodek<br>zabezpieczenia dziecka przed t\u0105 gro\u017an\u0105 chorob\u0105.<br>Wszystkie dzieci od dnia urodzenia do uko\u0144czenia 19 roku \u017cycia\u2013 mog\u0105 korzysta\u0107 z<br>bezp\u0142atnej profilaktycznej opieki zdrowotnej. Szczepienia ochronne s\u0105 obowi\u0105zkowe i<br>realizowane zgodnie z Programem Szczepie\u0144 Ochronnych na rok 2024 (PSO).<br>U dzieci za realizacj\u0119 szczepie\u0144 obowi\u0105zkowych odpowiada lekarz podstawowej opieki<br>zdrowotnej.<br>Dzieci, kt\u00f3re chodz\u0105 do przedszkola i szko\u0142y podstawowej (6. rok \u017cycia), powinny mie\u0107<br>wykonane szczepienie przypominaj\u0105ce przeciw odrze, \u015bwince i r\u00f3\u017cyczce.<br>U dzieci z Ukrainy i dzieci starszych, kt\u00f3re nie by\u0142y szczepione przeciw odrze, szczepienia<br>ochronne powinny by\u0107 realizowane wed\u0142ug Indywidualnego Kalendarza Szczepie\u0144 (IKSz).<br>Ustala go lekarz pediatra, kt\u00f3ry kwalifikuje do szczepienia na podstawie PSO.<br>Szczepienia s\u0105 bezp\u0142atne. Zaleg\u0142e szczepienie przeciw odrze, \u015bwince i r\u00f3\u017cyczce<br>(szczepionk\u0105 MMR) powinno by\u0107 wykonane jak najszybciej\u2013zw\u0142aszcza, gdy nie ma<br>dokumentacji medycznej szczepie\u0144 dziecka.<br>Zach\u0119cam Pa\u0144stwa do sprawdzenia, czy dziecko jest zaszczepione. Namawiam tak\u017ce do<br>zg\u0142aszania si\u0119 z dzie\u0107mi na szczepienia ochronne. To bardzo wa\u017cne. Szczepienie nie tylko<br>chroni Pa\u0144stwa dziecko, ale te\u017c buduje odporno\u015b\u0107 grupow\u0105.<br>Szczeg\u00f3\u0142owe i rzetelne informacje na temat szczepie\u0144 zamieszczone s\u0105 na stronie<br>szczepienia.info\u2013prowadzonej przez Narodowy Instytut Zdrowia Publicznego PZH &#8211;<br>Pa\u0144stwowy Instytut Badawczy w Warszawie.<br>Mog\u0105 Pa\u0144stwo tam znale\u017a\u0107 odpowiedzi na najbardziej nurtuj\u0105ce pytania dotycz\u0105ce<br>szczepie\u0144 oraz informacje o chorobach zaka\u017anych, kt\u00f3rym zapobiegaj\u0105 szczepienia.<br>Zach\u0119cam r\u00f3wnie\u017c do zapoznania si\u0119 z zamieszczonymi tam materia\u0142ami edukacyjnymi i<br>ulotkami o szczepieniu przeciw odrze.<br>Szczepienia ochronne wykonywane zgodnie z PSO buduj\u0105 odporno\u015b\u0107 m\u0142odego cz\u0142owieka i<br>chroni\u0105 przed powa\u017cnymi konsekwencjami chor\u00f3b zaka\u017anych teraz i w przysz\u0142o\u015bci.<br>Aby utrzyma\u0107 wysoki poziom ochrony przed odr\u0105, od ponad p\u00f3\u0142 wieku na ca\u0142ym \u015bwiecie<br>kontynuowane s\u0105 szczepienia ochronne.<br><\/p>\n\n\n\n<p class=\"has-text-align-center\">Z wyrazami szacunku<\/p>\n\n\n\n<p class=\"has-text-align-center\"><br>z upowa\u017cnienia Ministra Zdrowia<br>Wojciech Konieczny<\/p>\n\n\n\n<p class=\"has-text-align-center\">Sekretarz Stanu<\/p>\n\n\n\n<p><\/p>\n","protected":false},"excerpt":{"rendered":"<p>ZP\u015a.641.18.2024.D\u0141Warszawa, 12 maja 2024 Szanowni Pa\u0144stwo, Rodzice i Opiekunowie, [&hellip;]<\/p>\n","protected":false},"author":2,"featured_media":14630,"comment_status":"closed","ping_status":"open","sticky":false,"template":"","format":"standard","meta":{"footnotes":""},"categories":[4,14,12,13],"tags":[],"class_list":["post-14629","post","type-post","status-publish","format-standard","has-post-thumbnail","hentry","category-aktualnosci","category-maluszki-2023","category-sredniaki-2023","category-starszaki-2023"],"_links":{"self":[{"href":"https:\/\/www.zsp3katowice.cal24.pl\/mp38\/wp-json\/wp\/v2\/posts\/14629","targetHints":{"allow":["GET"]}}],"collection":[{"href":"https:\/\/www.zsp3katowice.cal24.pl\/mp38\/wp-json\/wp\/v2\/posts"}],"about":[{"href":"https:\/\/www.zsp3katowice.cal24.pl\/mp38\/wp-json\/wp\/v2\/types\/post"}],"author":[{"embeddable":true,"href":"https:\/\/www.zsp3katowice.cal24.pl\/mp38\/wp-json\/wp\/v2\/users\/2"}],"replies":[{"embeddable":true,"href":"https:\/\/www.zsp3katowice.cal24.pl\/mp38\/wp-json\/wp\/v2\/comments?post=14629"}],"version-history":[{"count":1,"href":"https:\/\/www.zsp3katowice.cal24.pl\/mp38\/wp-json\/wp\/v2\/posts\/14629\/revisions"}],"predecessor-version":[{"id":14631,"href":"https:\/\/www.zsp3katowice.cal24.pl\/mp38\/wp-json\/wp\/v2\/posts\/14629\/revisions\/14631"}],"wp:featuredmedia":[{"embeddable":true,"href":"https:\/\/www.zsp3katowice.cal24.pl\/mp38\/wp-json\/wp\/v2\/media\/14630"}],"wp:attachment":[{"href":"https:\/\/www.zsp3katowice.cal24.pl\/mp38\/wp-json\/wp\/v2\/media?parent=14629"}],"wp:term":[{"taxonomy":"category","embeddable":true,"href":"https:\/\/www.zsp3katowice.cal24.pl\/mp38\/wp-json\/wp\/v2\/categories?post=14629"},{"taxonomy":"post_tag","embeddable":true,"href":"https:\/\/www.zsp3katowice.cal24.pl\/mp38\/wp-json\/wp\/v2\/tags?post=14629"}],"curies":[{"name":"wp","href":"https:\/\/api.w.org\/{rel}","templated":true}]}}