{"id":15563,"date":"2024-07-11T23:21:37","date_gmt":"2024-07-11T22:21:37","guid":{"rendered":"https:\/\/www.zsp3katowice.cal24.pl\/mp38\/?p=15563"},"modified":"2024-07-14T10:53:28","modified_gmt":"2024-07-14T09:53:28","slug":"zajecia-adaptacyjne-w-przedszkolu","status":"publish","type":"post","link":"https:\/\/www.zsp3katowice.cal24.pl\/mp38\/aktualnosci\/zajecia-adaptacyjne-w-przedszkolu\/","title":{"rendered":"ZAJ\u0118CIA ADAPTACYJNE W PRZEDSZKOLU"},"content":{"rendered":"\n<p class=\"has-larger-font-size\">Zaproszenie<\/p>\n\n\n\n<p><\/p>\n\n\n\n<p class=\"has-larger-font-size\">Miejskie Przedszkole nr 38 w ZSP nr 3 w Katowicach, przy ul. Hallera 72<\/p>\n\n\n\n<p class=\"has-larger-font-size\">serdecznie zaprasza wszystkie dzieci rozpoczynaj\u0105ce edukacj\u0119 przedszkoln\u0105 od 1 wrze\u015bnia 2024r.<\/p>\n\n\n\n<p class=\"has-larger-font-size\">wsp\u00f3lnie z rodzicami na <strong>zaj\u0119cia adaptacyjne organizowane we wtorek 27 sierpnia 2024r. od godziny 10:00 do 11:00.<\/strong><\/p>\n\n\n\n<p class=\"has-larger-font-size\">Prosimy o zaopatrzenie si\u0119 w obuwie zmienne.<\/p>\n\n\n\n<figure class=\"wp-block-image size-full\"><img loading=\"lazy\" decoding=\"async\" width=\"338\" height=\"169\" src=\"https:\/\/www.zsp3katowice.cal24.pl\/mp38\/wp-content\/uploads\/2024\/07\/kolorowy-zestaw-ilustracji-czlowieka-z-kijem_23-2149240700.jpg\" alt=\"\" class=\"wp-image-15568\"\/><\/figure>\n\n\n\n<p class=\"has-larger-font-size\">Do zobaczenia<\/p>\n","protected":false},"excerpt":{"rendered":"<p>Zaproszenie Miejskie Przedszkole nr 38 w ZSP nr 3 [&hellip;]<\/p>\n","protected":false},"author":2,"featured_media":15567,"comment_status":"closed","ping_status":"open","sticky":false,"template":"","format":"standard","meta":{"footnotes":""},"categories":[4,14,12,13],"tags":[],"class_list":["post-15563","post","type-post","status-publish","format-standard","has-post-thumbnail","hentry","category-aktualnosci","category-maluszki-2023","category-sredniaki-2023","category-starszaki-2023"],"_links":{"self":[{"href":"https:\/\/www.zsp3katowice.cal24.pl\/mp38\/wp-json\/wp\/v2\/posts\/15563","targetHints":{"allow":["GET"]}}],"collection":[{"href":"https:\/\/www.zsp3katowice.cal24.pl\/mp38\/wp-json\/wp\/v2\/posts"}],"about":[{"href":"https:\/\/www.zsp3katowice.cal24.pl\/mp38\/wp-json\/wp\/v2\/types\/post"}],"author":[{"embeddable":true,"href":"https:\/\/www.zsp3katowice.cal24.pl\/mp38\/wp-json\/wp\/v2\/users\/2"}],"replies":[{"embeddable":true,"href":"https:\/\/www.zsp3katowice.cal24.pl\/mp38\/wp-json\/wp\/v2\/comments?post=15563"}],"version-history":[{"count":4,"href":"https:\/\/www.zsp3katowice.cal24.pl\/mp38\/wp-json\/wp\/v2\/posts\/15563\/revisions"}],"predecessor-version":[{"id":15570,"href":"https:\/\/www.zsp3katowice.cal24.pl\/mp38\/wp-json\/wp\/v2\/posts\/15563\/revisions\/15570"}],"wp:featuredmedia":[{"embeddable":true,"href":"https:\/\/www.zsp3katowice.cal24.pl\/mp38\/wp-json\/wp\/v2\/media\/15567"}],"wp:attachment":[{"href":"https:\/\/www.zsp3katowice.cal24.pl\/mp38\/wp-json\/wp\/v2\/media?parent=15563"}],"wp:term":[{"taxonomy":"category","embeddable":true,"href":"https:\/\/www.zsp3katowice.cal24.pl\/mp38\/wp-json\/wp\/v2\/categories?post=15563"},{"taxonomy":"post_tag","embeddable":true,"href":"https:\/\/www.zsp3katowice.cal24.pl\/mp38\/wp-json\/wp\/v2\/tags?post=15563"}],"curies":[{"name":"wp","href":"https:\/\/api.w.org\/{rel}","templated":true}]}}