{"id":15727,"date":"2024-09-01T17:41:48","date_gmt":"2024-09-01T16:41:48","guid":{"rendered":"https:\/\/www.zsp3katowice.cal24.pl\/mp38\/?p=15727"},"modified":"2024-08-31T21:45:20","modified_gmt":"2024-08-31T20:45:20","slug":"wrzesien-w-sredniakach","status":"publish","type":"post","link":"https:\/\/www.zsp3katowice.cal24.pl\/mp38\/aktualnosci\/wrzesien-w-sredniakach\/","title":{"rendered":"WRZESIE\u0143 W \u015aREDNIAKACH"},"content":{"rendered":"\n<p><\/p>\n\n\n\n<p>Temat tygodnia:<strong>WITAJ PRZEDSZKOLE<\/strong><strong><\/strong><\/p>\n\n\n\n<ol class=\"wp-block-list\">\n<li>Min\u0119\u0142y wakacje.<\/li>\n\n\n\n<li>Znaczki rozpoznaczki.<\/li>\n\n\n\n<li>Ka\u017cdy z nas jest inny.<\/li>\n\n\n\n<li>W przedszkolu jest nam dobrze<\/li>\n\n\n\n<li>Regu\u0142y \u017cycia w grupie.<\/li>\n<\/ol>\n\n\n\n<p>Temat tygodnia:<strong> <\/strong><strong>RAZEM JEST WESELEJ<\/strong><\/p>\n\n\n\n<ol class=\"wp-block-list\">\n<li>Lubi\u0119 swoich koleg\u00f3w.<\/li>\n\n\n\n<li>Cierpliwie czekam na swoj\u0105 kolej.<\/li>\n\n\n\n<li>Ucz\u0119 si\u0119 s\u0142ucha\u0107 innych.<\/li>\n\n\n\n<li>Dziel\u0119 si\u0119 z innymi<\/li>\n\n\n\n<li>Jeste\u015bmy r\u00f3\u017cni, cho\u0107 r\u00f3wnie wa\u017cni.<\/li>\n<\/ol>\n\n\n\n<p>Temat tygodnia:<strong> <\/strong><strong>NASZE EMOCJE I UCZUCIA<\/strong><\/p>\n\n\n\n<ol class=\"wp-block-list\">\n<li>Kalejdoskop uczu\u0107.<\/li>\n\n\n\n<li>\u015amiejmy si\u0119!<\/li>\n\n\n\n<li>\u201eStrach ma wielkie oczy!\u201d<\/li>\n\n\n\n<li>Wybuchowa z\u0142o\u015b\u0107<\/li>\n\n\n\n<li>Kolory emocji.<\/li>\n<\/ol>\n\n\n\n<p>Temat tygodnia:<strong> <\/strong><strong>POWITANIE JESIENI<\/strong><\/p>\n\n\n\n<ol class=\"wp-block-list\">\n<li>Pani jesie\u0144 puka do drzwi.<\/li>\n\n\n\n<li>Skarby jesieni.<\/li>\n\n\n\n<li>O czym szumi\u0105 li\u015bcie?<\/li>\n\n\n\n<li>Korale jarz\u0119biny.<\/li>\n\n\n\n<li>Kasztany i \u017co\u0142\u0119dzie.<\/li>\n<\/ol>\n\n\n\n<p><\/p>\n","protected":false},"excerpt":{"rendered":"<p>Temat tygodnia:WITAJ PRZEDSZKOLE Temat tygodnia: RAZEM JEST WESELEJ Temat [&hellip;]<\/p>\n","protected":false},"author":2,"featured_media":5657,"comment_status":"closed","ping_status":"open","sticky":false,"template":"","format":"standard","meta":{"footnotes":""},"categories":[4,16],"tags":[],"class_list":["post-15727","post","type-post","status-publish","format-standard","has-post-thumbnail","hentry","category-aktualnosci","category-sredniaki-2024"],"_links":{"self":[{"href":"https:\/\/www.zsp3katowice.cal24.pl\/mp38\/wp-json\/wp\/v2\/posts\/15727","targetHints":{"allow":["GET"]}}],"collection":[{"href":"https:\/\/www.zsp3katowice.cal24.pl\/mp38\/wp-json\/wp\/v2\/posts"}],"about":[{"href":"https:\/\/www.zsp3katowice.cal24.pl\/mp38\/wp-json\/wp\/v2\/types\/post"}],"author":[{"embeddable":true,"href":"https:\/\/www.zsp3katowice.cal24.pl\/mp38\/wp-json\/wp\/v2\/users\/2"}],"replies":[{"embeddable":true,"href":"https:\/\/www.zsp3katowice.cal24.pl\/mp38\/wp-json\/wp\/v2\/comments?post=15727"}],"version-history":[{"count":3,"href":"https:\/\/www.zsp3katowice.cal24.pl\/mp38\/wp-json\/wp\/v2\/posts\/15727\/revisions"}],"predecessor-version":[{"id":15769,"href":"https:\/\/www.zsp3katowice.cal24.pl\/mp38\/wp-json\/wp\/v2\/posts\/15727\/revisions\/15769"}],"wp:featuredmedia":[{"embeddable":true,"href":"https:\/\/www.zsp3katowice.cal24.pl\/mp38\/wp-json\/wp\/v2\/media\/5657"}],"wp:attachment":[{"href":"https:\/\/www.zsp3katowice.cal24.pl\/mp38\/wp-json\/wp\/v2\/media?parent=15727"}],"wp:term":[{"taxonomy":"category","embeddable":true,"href":"https:\/\/www.zsp3katowice.cal24.pl\/mp38\/wp-json\/wp\/v2\/categories?post=15727"},{"taxonomy":"post_tag","embeddable":true,"href":"https:\/\/www.zsp3katowice.cal24.pl\/mp38\/wp-json\/wp\/v2\/tags?post=15727"}],"curies":[{"name":"wp","href":"https:\/\/api.w.org\/{rel}","templated":true}]}}