{"id":17245,"date":"2024-11-01T08:00:00","date_gmt":"2024-11-01T07:00:00","guid":{"rendered":"https:\/\/www.zsp3katowice.cal24.pl\/mp38\/?p=17245"},"modified":"2024-10-23T08:26:23","modified_gmt":"2024-10-23T07:26:23","slug":"listopad-w-starszakach","status":"publish","type":"post","link":"https:\/\/www.zsp3katowice.cal24.pl\/mp38\/aktualnosci\/listopad-w-starszakach\/","title":{"rendered":"LISTOPAD w starszakach"},"content":{"rendered":"\n<p>ALBUM RODZINNY<\/p>\n\n\n\n<p>1. Za kim t\u0119skni\u0119, kogo wspominam?<\/p>\n\n\n\n<p>2. Domowe ognisko<\/p>\n\n\n\n<p>3. Ja i moi bliscy &nbsp;&nbsp;&nbsp;&nbsp;&nbsp;&nbsp;&nbsp;&nbsp;&nbsp;&nbsp;&nbsp;&nbsp;&nbsp;&nbsp;&nbsp;&nbsp;&nbsp;&nbsp;&nbsp;&nbsp;&nbsp;&nbsp;&nbsp;&nbsp;&nbsp;&nbsp;&nbsp;&nbsp;&nbsp;&nbsp;&nbsp;&nbsp;&nbsp;&nbsp;&nbsp;&nbsp;&nbsp;&nbsp;&nbsp;&nbsp;&nbsp;&nbsp;&nbsp;&nbsp;&nbsp;&nbsp;&nbsp;&nbsp;&nbsp;&nbsp;&nbsp;&nbsp;&nbsp;&nbsp;&nbsp;&nbsp;&nbsp;&nbsp;&nbsp;&nbsp;&nbsp;&nbsp;&nbsp;&nbsp;&nbsp;&nbsp;&nbsp;&nbsp;&nbsp;&nbsp;&nbsp;&nbsp;&nbsp;&nbsp;&nbsp;&nbsp;&nbsp;&nbsp;&nbsp;&nbsp;&nbsp;&nbsp;&nbsp;&nbsp;&nbsp;&nbsp;&nbsp;&nbsp;&nbsp;&nbsp;&nbsp;&nbsp;&nbsp;&nbsp;&nbsp;&nbsp;&nbsp;&nbsp;&nbsp;&nbsp;&nbsp;&nbsp;&nbsp;&nbsp;&nbsp;&nbsp;&nbsp;&nbsp;&nbsp;&nbsp;&nbsp;&nbsp;&nbsp;<\/p>\n\n\n\n<p>4. Drzewo genealogiczne<\/p>\n\n\n\n<p>5. Zdj\u0119cie mojej rodziny<\/p>\n\n\n\n<p>MA\u0141A I DU\u017bA OJCZYZNA<\/p>\n\n\n\n<p>1. Co to znaczy kocha\u0107 ojczyzn\u0119?<\/p>\n\n\n\n<p>2. Nasz dom<\/p>\n\n\n\n<p>3. W mie\u015bcie<\/p>\n\n\n\n<p>4. Na wsi<\/p>\n\n\n\n<p>5. Bia\u0142o-czerwoni!<\/p>\n\n\n\n<p>JA I MOJE CIA\u0141O<\/p>\n\n\n\n<p>1. Czy ka\u017cdy lubi przytulanie?<\/p>\n\n\n\n<p>2. Cz\u0119\u015bci cia\u0142a<\/p>\n\n\n\n<p>3. W lustrzanym odbiciu<\/p>\n\n\n\n<p>4. Zmys\u0142y<\/p>\n\n\n\n<p>5. Jestem wyj\u0105tkowy!<\/p>\n\n\n\n<p>PRZYGOTOWANIA DO ZIMY<\/p>\n\n\n\n<p>1.Czy to ju\u017c czas na odpoczynek?<\/p>\n\n\n\n<p>2. Las i jego mieszka\u0144cy<\/p>\n\n\n\n<p>3. Zapasy na zim\u0119<\/p>\n\n\n\n<p>4. Futra, dzioby i kopyta<\/p>\n\n\n\n<p>5. Zwierz\u0119cy pokaz mody<\/p>\n","protected":false},"excerpt":{"rendered":"<p>ALBUM RODZINNY 1. Za kim t\u0119skni\u0119, kogo wspominam? 2. [&hellip;]<\/p>\n","protected":false},"author":2,"featured_media":17246,"comment_status":"closed","ping_status":"open","sticky":false,"template":"","format":"standard","meta":{"footnotes":""},"categories":[4],"tags":[],"class_list":["post-17245","post","type-post","status-publish","format-standard","has-post-thumbnail","hentry","category-aktualnosci"],"_links":{"self":[{"href":"https:\/\/www.zsp3katowice.cal24.pl\/mp38\/wp-json\/wp\/v2\/posts\/17245","targetHints":{"allow":["GET"]}}],"collection":[{"href":"https:\/\/www.zsp3katowice.cal24.pl\/mp38\/wp-json\/wp\/v2\/posts"}],"about":[{"href":"https:\/\/www.zsp3katowice.cal24.pl\/mp38\/wp-json\/wp\/v2\/types\/post"}],"author":[{"embeddable":true,"href":"https:\/\/www.zsp3katowice.cal24.pl\/mp38\/wp-json\/wp\/v2\/users\/2"}],"replies":[{"embeddable":true,"href":"https:\/\/www.zsp3katowice.cal24.pl\/mp38\/wp-json\/wp\/v2\/comments?post=17245"}],"version-history":[{"count":1,"href":"https:\/\/www.zsp3katowice.cal24.pl\/mp38\/wp-json\/wp\/v2\/posts\/17245\/revisions"}],"predecessor-version":[{"id":17247,"href":"https:\/\/www.zsp3katowice.cal24.pl\/mp38\/wp-json\/wp\/v2\/posts\/17245\/revisions\/17247"}],"wp:featuredmedia":[{"embeddable":true,"href":"https:\/\/www.zsp3katowice.cal24.pl\/mp38\/wp-json\/wp\/v2\/media\/17246"}],"wp:attachment":[{"href":"https:\/\/www.zsp3katowice.cal24.pl\/mp38\/wp-json\/wp\/v2\/media?parent=17245"}],"wp:term":[{"taxonomy":"category","embeddable":true,"href":"https:\/\/www.zsp3katowice.cal24.pl\/mp38\/wp-json\/wp\/v2\/categories?post=17245"},{"taxonomy":"post_tag","embeddable":true,"href":"https:\/\/www.zsp3katowice.cal24.pl\/mp38\/wp-json\/wp\/v2\/tags?post=17245"}],"curies":[{"name":"wp","href":"https:\/\/api.w.org\/{rel}","templated":true}]}}