{"id":21090,"date":"2025-03-01T07:49:00","date_gmt":"2025-03-01T06:49:00","guid":{"rendered":"https:\/\/www.zsp3katowice.cal24.pl\/mp38\/?p=21090"},"modified":"2025-03-03T06:46:03","modified_gmt":"2025-03-03T05:46:03","slug":"marzec-w-maluszkach","status":"publish","type":"post","link":"https:\/\/www.zsp3katowice.cal24.pl\/mp38\/maluszki-2024\/marzec-w-maluszkach\/","title":{"rendered":"MARZEC W MALUSZKACH 2025"},"content":{"rendered":"\n<p><strong>TYDZIE\u0143 I<\/strong> <strong>Marcowa pogoda<\/strong><\/p>\n\n\n\n<ol class=\"wp-block-list\">\n<li><strong>Po co mi czapka?<\/strong><\/li>\n\n\n\n<li><strong>W marcu jak w garncu<\/strong><\/li>\n\n\n\n<li><strong>Ubrania na ka\u017cd\u0105 pogod\u0119<\/strong><\/li>\n\n\n\n<li><strong>Przedwio\u015bnie `<\/strong><\/li>\n\n\n\n<li><strong>Dzisiaj s\u0142o\u0144ce, jutro deszcz<\/strong><\/li>\n<\/ol>\n\n\n\n<p><strong>TYDZIE\u0143 II<\/strong> <strong>W wiosennym ogrodzie<\/strong><\/p>\n\n\n\n<ol class=\"wp-block-list\">\n<li><strong>Chcesz zobaczy\u0107 m\u00f3j ogr\u00f3dek?<\/strong><\/li>\n\n\n\n<li><strong>Cebule i cebulki<\/strong><\/li>\n\n\n\n<li><strong>Na rabatkach<\/strong><\/li>\n\n\n\n<li><strong>Zak\u0142adamy wiosenn\u0105 upraw\u0119<\/strong><\/li>\n\n\n\n<li><strong>Kwiatki, bratki, tulipany<\/strong><\/li>\n<\/ol>\n\n\n\n<p><strong>TYDZIE\u0143 III<\/strong> <strong>Cztery \u017cywio\u0142y<\/strong><\/p>\n\n\n\n<ol class=\"wp-block-list\">\n<li><strong>Jak si\u0119 zachowa\u0107 podczas burzy?<\/strong><\/li>\n\n\n\n<li><strong>Woda<\/strong><\/li>\n\n\n\n<li><strong>Ziemia<\/strong><\/li>\n\n\n\n<li><strong>Ogie\u0144<\/strong><\/li>\n\n\n\n<li><strong>Powietrze<\/strong><\/li>\n<\/ol>\n\n\n\n<p><strong>TYDZIE\u0143 IV<\/strong> <strong>W teatrze i kinie<\/strong><\/p>\n\n\n\n<ol class=\"wp-block-list\">\n<li><strong>Czym si\u0119 r\u00f3\u017cni wstyd od tremy?<\/strong><\/li>\n\n\n\n<li><strong>Przyjd\u017a na czas!<\/strong><\/li>\n\n\n\n<li><strong>Na widowni<\/strong><\/li>\n\n\n\n<li><strong>Zwierz\u0119cy aktorzy<\/strong><\/li>\n\n\n\n<li><strong>Sztuka kinowa i teatralna<\/strong><\/li>\n<\/ol>\n","protected":false},"excerpt":{"rendered":"<p>TYDZIE\u0143 I Marcowa pogoda TYDZIE\u0143 II W wiosennym ogrodzie [&hellip;]<\/p>\n","protected":false},"author":2,"featured_media":21091,"comment_status":"closed","ping_status":"open","sticky":false,"template":"","format":"standard","meta":{"footnotes":""},"categories":[17],"tags":[],"class_list":["post-21090","post","type-post","status-publish","format-standard","has-post-thumbnail","hentry","category-maluszki-2024"],"_links":{"self":[{"href":"https:\/\/www.zsp3katowice.cal24.pl\/mp38\/wp-json\/wp\/v2\/posts\/21090","targetHints":{"allow":["GET"]}}],"collection":[{"href":"https:\/\/www.zsp3katowice.cal24.pl\/mp38\/wp-json\/wp\/v2\/posts"}],"about":[{"href":"https:\/\/www.zsp3katowice.cal24.pl\/mp38\/wp-json\/wp\/v2\/types\/post"}],"author":[{"embeddable":true,"href":"https:\/\/www.zsp3katowice.cal24.pl\/mp38\/wp-json\/wp\/v2\/users\/2"}],"replies":[{"embeddable":true,"href":"https:\/\/www.zsp3katowice.cal24.pl\/mp38\/wp-json\/wp\/v2\/comments?post=21090"}],"version-history":[{"count":3,"href":"https:\/\/www.zsp3katowice.cal24.pl\/mp38\/wp-json\/wp\/v2\/posts\/21090\/revisions"}],"predecessor-version":[{"id":21462,"href":"https:\/\/www.zsp3katowice.cal24.pl\/mp38\/wp-json\/wp\/v2\/posts\/21090\/revisions\/21462"}],"wp:featuredmedia":[{"embeddable":true,"href":"https:\/\/www.zsp3katowice.cal24.pl\/mp38\/wp-json\/wp\/v2\/media\/21091"}],"wp:attachment":[{"href":"https:\/\/www.zsp3katowice.cal24.pl\/mp38\/wp-json\/wp\/v2\/media?parent=21090"}],"wp:term":[{"taxonomy":"category","embeddable":true,"href":"https:\/\/www.zsp3katowice.cal24.pl\/mp38\/wp-json\/wp\/v2\/categories?post=21090"},{"taxonomy":"post_tag","embeddable":true,"href":"https:\/\/www.zsp3katowice.cal24.pl\/mp38\/wp-json\/wp\/v2\/tags?post=21090"}],"curies":[{"name":"wp","href":"https:\/\/api.w.org\/{rel}","templated":true}]}}