{"id":21093,"date":"2025-03-01T07:50:00","date_gmt":"2025-03-01T06:50:00","guid":{"rendered":"https:\/\/www.zsp3katowice.cal24.pl\/mp38\/?p=21093"},"modified":"2025-03-03T06:47:57","modified_gmt":"2025-03-03T05:47:57","slug":"marzec-w-sredniakach-2025","status":"publish","type":"post","link":"https:\/\/www.zsp3katowice.cal24.pl\/mp38\/sredniaki-2024\/marzec-w-sredniakach-2025\/","title":{"rendered":"MARZEC W \u015aREDNIAKACH 2025"},"content":{"rendered":"\n<p>Temat tygodnia:<strong> DOMOWI ULUBIE\u0143CY: KOT I PIES<\/strong><\/p>\n\n\n\n<ol class=\"wp-block-list\">\n<li>Czworono\u017cni przyjaciele<\/li>\n\n\n\n<li>Kto gdy z\u0142y, szczerzy k\u0142y?<\/li>\n\n\n\n<li>Koci\u0119ta i szczeni\u0119ta<\/li>\n\n\n\n<li>Koci \u015bwiat<\/li>\n\n\n\n<li>Jak rozmawia\u0107 trzeba z psem?<\/li>\n<\/ol>\n\n\n\n<p>Temat tygodnia:<strong> CZTERY \u017bYWIO\u0141Y<\/strong><\/p>\n\n\n\n<ol class=\"wp-block-list\">\n<li>Do picia i do mycia<\/li>\n\n\n\n<li>Czy mo\u017cna z\u0142apa\u0107 wiatr?<\/li>\n\n\n\n<li>Ostro\u017cnie z ogniem!<\/li>\n\n\n\n<li>Ziemia<\/li>\n\n\n\n<li>\u017bywio\u0142y ju\u017c znamy i wymieni\u0107 je zdo\u0142amy!<\/li>\n<\/ol>\n\n\n\n<p>Temat tygodnia:<strong> GDZIE JESTE\u015a WIOSNO?<\/strong><\/p>\n\n\n\n<ol class=\"wp-block-list\">\n<li>Pierwsze kwiaty<\/li>\n\n\n\n<li>Wiosenne przebudzenia<\/li>\n\n\n\n<li>Kaprysy marcowej pogody<\/li>\n\n\n\n<li>Czym powita\u0107 ci\u0119 wiosenko?<\/li>\n\n\n\n<li>Z wiosn\u0105 nadzieje rosn\u0105<\/li>\n<\/ol>\n\n\n\n<p>Temat tygodnia:<strong> KOLORY WIOSNY<\/strong><\/p>\n\n\n\n<ol class=\"wp-block-list\">\n<li>Zielony \u2013 ulubiony kolor wiosny<\/li>\n\n\n\n<li>Szare wierzbowe kotki<\/li>\n\n\n\n<li>Nasza czarna jask\u00f3\u0142eczka<\/li>\n\n\n\n<li>\u017b\u00f3\u0142te \u017conkile<\/li>\n\n\n\n<li>Lazur nieba<\/li>\n<\/ol>\n\n\n\n<p>Temat tygodnia:<strong> DBAMY O ZDROWIE<\/strong><\/p>\n\n\n\n<ol class=\"wp-block-list\">\n<li>Czyste r\u0119ce to podstawa!<\/li>\n\n\n\n<li>Talerz pe\u0142en zdrowia<\/li>\n\n\n\n<li>Z\u0105bki jak pere\u0142ki<\/li>\n\n\n\n<li>\u015amiech to zdrowie<\/li>\n\n\n\n<li>Panie doktorze, czy pan pomo\u017ce?<\/li>\n<\/ol>\n","protected":false},"excerpt":{"rendered":"<p>Temat tygodnia: DOMOWI ULUBIE\u0143CY: KOT I PIES Temat tygodnia: [&hellip;]<\/p>\n","protected":false},"author":2,"featured_media":21094,"comment_status":"closed","ping_status":"open","sticky":false,"template":"","format":"standard","meta":{"footnotes":""},"categories":[16],"tags":[],"class_list":["post-21093","post","type-post","status-publish","format-standard","has-post-thumbnail","hentry","category-sredniaki-2024"],"_links":{"self":[{"href":"https:\/\/www.zsp3katowice.cal24.pl\/mp38\/wp-json\/wp\/v2\/posts\/21093","targetHints":{"allow":["GET"]}}],"collection":[{"href":"https:\/\/www.zsp3katowice.cal24.pl\/mp38\/wp-json\/wp\/v2\/posts"}],"about":[{"href":"https:\/\/www.zsp3katowice.cal24.pl\/mp38\/wp-json\/wp\/v2\/types\/post"}],"author":[{"embeddable":true,"href":"https:\/\/www.zsp3katowice.cal24.pl\/mp38\/wp-json\/wp\/v2\/users\/2"}],"replies":[{"embeddable":true,"href":"https:\/\/www.zsp3katowice.cal24.pl\/mp38\/wp-json\/wp\/v2\/comments?post=21093"}],"version-history":[{"count":2,"href":"https:\/\/www.zsp3katowice.cal24.pl\/mp38\/wp-json\/wp\/v2\/posts\/21093\/revisions"}],"predecessor-version":[{"id":21463,"href":"https:\/\/www.zsp3katowice.cal24.pl\/mp38\/wp-json\/wp\/v2\/posts\/21093\/revisions\/21463"}],"wp:featuredmedia":[{"embeddable":true,"href":"https:\/\/www.zsp3katowice.cal24.pl\/mp38\/wp-json\/wp\/v2\/media\/21094"}],"wp:attachment":[{"href":"https:\/\/www.zsp3katowice.cal24.pl\/mp38\/wp-json\/wp\/v2\/media?parent=21093"}],"wp:term":[{"taxonomy":"category","embeddable":true,"href":"https:\/\/www.zsp3katowice.cal24.pl\/mp38\/wp-json\/wp\/v2\/categories?post=21093"},{"taxonomy":"post_tag","embeddable":true,"href":"https:\/\/www.zsp3katowice.cal24.pl\/mp38\/wp-json\/wp\/v2\/tags?post=21093"}],"curies":[{"name":"wp","href":"https:\/\/api.w.org\/{rel}","templated":true}]}}